{"id":57,"date":"2015-09-13T17:24:17","date_gmt":"2015-09-13T15:24:17","guid":{"rendered":"http:\/\/aspmf.com\/WP\/?p=57"},"modified":"2016-12-25T16:07:50","modified_gmt":"2016-12-25T14:07:50","slug":"historique","status":"publish","type":"post","link":"https:\/\/www.aspmf.com\/WP\/historique\/","title":{"rendered":"Historique"},"content":{"rendered":"<div id=\"attachment_114\" style=\"width: 300px\" class=\"wp-caption alignleft\"><img loading=\"lazy\" decoding=\"async\" aria-describedby=\"caption-attachment-114\" class=\"size-medium wp-image-114\" src=\"http:\/\/aspmf.com\/WP\/wp-content\/uploads\/fret200031-300x193.jpg\" alt=\"Le canot \u00e0 bord de \u00abl\u2019Averse\u00bb\" width=\"300\" height=\"193\" srcset=\"https:\/\/www.aspmf.com\/WP\/wp-content\/uploads\/fret200031-300x193.jpg 300w, https:\/\/www.aspmf.com\/WP\/wp-content\/uploads\/fret200031.jpg 591w\" sizes=\"auto, (max-width: 300px) 100vw, 300px\" \/><p id=\"caption-attachment-114\" class=\"wp-caption-text\">Le canot \u00e0 bord de \u00abl\u2019Averse\u00bb<\/p><\/div>\n<div id=\"attachment_134\" style=\"width: 300px\" class=\"wp-caption alignright\"><img loading=\"lazy\" decoding=\"async\" aria-describedby=\"caption-attachment-134\" class=\"size-medium wp-image-134\" src=\"http:\/\/aspmf.com\/WP\/wp-content\/uploads\/dsc069861-300x200.jpg\" alt=\"\u00abL\u2019Averse\u00bb au Trezhig \u00e0 Rostellec\" width=\"300\" height=\"200\" srcset=\"https:\/\/www.aspmf.com\/WP\/wp-content\/uploads\/dsc069861-300x200.jpg 300w, https:\/\/www.aspmf.com\/WP\/wp-content\/uploads\/dsc069861.jpg 680w\" sizes=\"auto, (max-width: 300px) 100vw, 300px\" \/><p id=\"caption-attachment-134\" class=\"wp-caption-text\">\u00abL\u2019Averse\u00bb au Trezhig \u00e0 Rostellec<\/p><\/div>\n<p><strong>Le canot<\/strong><\/p>\n<p>L\u2019ASPMF, soucieuse de d\u00e9velopper l\u2019aspect maritime du patrimoine Fr\u00e9tois a entrepris la restauration d\u2019une embarcation. Le choix s\u2019est port\u00e9 sur un canot qui finissait ses jours sur un navire citerne \u00e9chou\u00e9 dans le port de Rostellec. Cette embarcation, construite en 1973, faisait partie de la drome \u00e9quipant les escorteurs d\u2019escadre de la marine nationale. Immatricul\u00e9e sous le num\u00e9ro 823 CH, elle servait de canot-major (canot r\u00e9serv\u00e9 au transport du Commandant et des officiers). Ensuite, elle fut utilis\u00e9e comme annexe pour l\u2019ex-ravitailleur en eau \u00abL\u2019Averse\u00bb. Longue de 8,25m et large de 2,40m, cette embarcation a ses bord\u00e9es en pitchpin et ses membrures en acacia. Enti\u00e8rement en bois, elle d\u00e9place environ 2 tonnes. A l\u2019\u00e9poque de sa navigation, elle \u00e9tait propuls\u00e9e par un moteur diesel de 50 chevaux.<\/p>\n<p>Lorsque le choix de l\u2019embarcation a \u00e9t\u00e9 d\u00e9finitivement arr\u00eat\u00e9 par les membres de l\u2019association, notre charmante marraine, Denise Isquierdo, a mis toute son \u00e9nergie pour faire aboutir son acquisition. Le t\u00e9l\u00e9phone a chauff\u00e9. M\u00eame notre pr\u00e9sident qui n\u2019a pas le ch\u00e8que facile a sorti promptement le stylo pour signer. Le canot nous appartenait, l\u2019aventure pouvait commencer&#8230; Et vogue la gal\u00e8re\u00a0!<\/p>\n<p>Restait alors \u00e0 obtenir des financements pour la restauration du canot, ce qui a \u00e9t\u00e9 fait aupr\u00e8s du Conseil R\u00e9gional et du Conseil g\u00e9n\u00e9ral et de certains commer\u00e7ants. Mais les fonds obtenus, bien que substantiels, \u00e9taient insuffisants. Il fallait que la troupe de th\u00e9\u00e2tre de \u00abMademoiselle Danielle\u00bb se mette au travail. On a \u00e9galement lanc\u00e9 une souscription qui n\u2019a suscit\u00e9 que peu d\u2019enthousiasme chez nos concitoyens. En voyant ses carnets \u00e0 souche qui ne maigrissaient pas, notre pr\u00e9sident en a fait une petite d\u00e9prime. On l\u2019a longtemps vu errer, un carnet \u00e0 la main, en bougonnant sur ce monde cruel et si peu reconnaissant. Pourquoi tant de haine\u00a0? Alors je vous en prie pensez \u00e0 lui, cette souscription est toujours au go\u00fbt du jour.<\/p>\n","protected":false},"excerpt":{"rendered":"<p>Le canot L\u2019ASPMF, soucieuse de d\u00e9velopper l\u2019aspect maritime du patrimoine Fr\u00e9tois a entrepris la restauration d\u2019une embarcation. Le choix s\u2019est port\u00e9 sur un canot qui finissait ses jours sur un navire citerne \u00e9chou\u00e9 dans le port de Rostellec. Cette embarcation, construite en 1973, faisait partie de la drome \u00e9quipant les escorteurs d\u2019escadre de la marine &hellip; <\/p>\n<p><a class=\"more-link btn\" href=\"https:\/\/www.aspmf.com\/WP\/historique\/\">Lire la suite<\/a><\/p>\n","protected":false},"author":5,"featured_media":114,"comment_status":"closed","ping_status":"closed","sticky":false,"template":"","format":"standard","meta":{"_exactmetrics_skip_tracking":false,"_exactmetrics_sitenote_active":false,"_exactmetrics_sitenote_note":"","_exactmetrics_sitenote_category":0,"footnotes":""},"categories":[5],"tags":[16,30,15,27,21,29,28],"class_list":["post-57","post","type-post","status-publish","format-standard","has-post-thumbnail","hentry","category-la-fretoise","tag-aspmf","tag-canot","tag-crozon","tag-fretoise","tag-historique","tag-laverse","tag-rostellec","item-wrap"],"yoast_head":"<!-- This site is optimized with the Yoast SEO plugin v27.4 - https:\/\/yoast.com\/product\/yoast-seo-wordpress\/ -->\n<title>Historique - A.S.P.M.F<\/title>\n<meta name=\"robots\" content=\"index, follow, max-snippet:-1, max-image-preview:large, max-video-preview:-1\" \/>\n<link rel=\"canonical\" href=\"https:\/\/www.aspmf.com\/WP\/historique\/\" \/>\n<meta property=\"og:locale\" content=\"fr_FR\" \/>\n<meta property=\"og:type\" content=\"article\" \/>\n<meta property=\"og:title\" content=\"Historique - A.S.P.M.F\" \/>\n<meta property=\"og:description\" content=\"Le canot L\u2019ASPMF, soucieuse de d\u00e9velopper l\u2019aspect maritime du patrimoine Fr\u00e9tois a entrepris la restauration d\u2019une embarcation. Le choix s\u2019est port\u00e9 sur un canot qui finissait ses jours sur un navire citerne \u00e9chou\u00e9 dans le port de Rostellec. Cette embarcation, construite en 1973, faisait partie de la drome \u00e9quipant les escorteurs d\u2019escadre de la marine &hellip; Lire la suite\" \/>\n<meta property=\"og:url\" content=\"https:\/\/www.aspmf.com\/WP\/historique\/\" \/>\n<meta property=\"og:site_name\" content=\"A.S.P.M.F\" \/>\n<meta property=\"article:publisher\" content=\"https:\/\/www.facebook.com\/aspmflefret\/\" \/>\n<meta property=\"article:published_time\" content=\"2015-09-13T15:24:17+00:00\" \/>\n<meta property=\"article:modified_time\" content=\"2016-12-25T14:07:50+00:00\" \/>\n<meta property=\"og:image\" content=\"https:\/\/www.aspmf.com\/WP\/wp-content\/uploads\/fret200031.jpg\" \/>\n\t<meta property=\"og:image:width\" content=\"591\" \/>\n\t<meta property=\"og:image:height\" content=\"381\" \/>\n\t<meta property=\"og:image:type\" content=\"image\/jpeg\" \/>\n<meta name=\"author\" content=\"Admin\" \/>\n<meta name=\"twitter:card\" content=\"summary_large_image\" \/>\n<meta name=\"twitter:label1\" content=\"\u00c9crit par\" \/>\n\t<meta name=\"twitter:data1\" content=\"Admin\" \/>\n\t<meta name=\"twitter:label2\" content=\"Dur\u00e9e de lecture estim\u00e9e\" \/>\n\t<meta name=\"twitter:data2\" content=\"2 minutes\" \/>\n<script type=\"application\/ld+json\" class=\"yoast-schema-graph\">{\"@context\":\"https:\\\/\\\/schema.org\",\"@graph\":[{\"@type\":\"Article\",\"@id\":\"https:\\\/\\\/www.aspmf.com\\\/WP\\\/historique\\\/#article\",\"isPartOf\":{\"@id\":\"https:\\\/\\\/www.aspmf.com\\\/WP\\\/historique\\\/\"},\"author\":{\"name\":\"Admin\",\"@id\":\"https:\\\/\\\/www.aspmf.com\\\/WP\\\/#\\\/schema\\\/person\\\/b8a5c7fdf2e85e8032b1176abb7b9818\"},\"headline\":\"Historique\",\"datePublished\":\"2015-09-13T15:24:17+00:00\",\"dateModified\":\"2016-12-25T14:07:50+00:00\",\"mainEntityOfPage\":{\"@id\":\"https:\\\/\\\/www.aspmf.com\\\/WP\\\/historique\\\/\"},\"wordCount\":372,\"image\":{\"@id\":\"https:\\\/\\\/www.aspmf.com\\\/WP\\\/historique\\\/#primaryimage\"},\"thumbnailUrl\":\"https:\\\/\\\/www.aspmf.com\\\/WP\\\/wp-content\\\/uploads\\\/fret200031.jpg\",\"keywords\":[\"aspmf\",\"canot\",\"crozon\",\"fretoise\",\"historique\",\"L\u2019Averse\",\"Rostellec\"],\"articleSection\":[\"La Fr\u00e9toise\"],\"inLanguage\":\"fr-FR\"},{\"@type\":\"WebPage\",\"@id\":\"https:\\\/\\\/www.aspmf.com\\\/WP\\\/historique\\\/\",\"url\":\"https:\\\/\\\/www.aspmf.com\\\/WP\\\/historique\\\/\",\"name\":\"Historique - A.S.P.M.F\",\"isPartOf\":{\"@id\":\"https:\\\/\\\/www.aspmf.com\\\/WP\\\/#website\"},\"primaryImageOfPage\":{\"@id\":\"https:\\\/\\\/www.aspmf.com\\\/WP\\\/historique\\\/#primaryimage\"},\"image\":{\"@id\":\"https:\\\/\\\/www.aspmf.com\\\/WP\\\/historique\\\/#primaryimage\"},\"thumbnailUrl\":\"https:\\\/\\\/www.aspmf.com\\\/WP\\\/wp-content\\\/uploads\\\/fret200031.jpg\",\"datePublished\":\"2015-09-13T15:24:17+00:00\",\"dateModified\":\"2016-12-25T14:07:50+00:00\",\"author\":{\"@id\":\"https:\\\/\\\/www.aspmf.com\\\/WP\\\/#\\\/schema\\\/person\\\/b8a5c7fdf2e85e8032b1176abb7b9818\"},\"breadcrumb\":{\"@id\":\"https:\\\/\\\/www.aspmf.com\\\/WP\\\/historique\\\/#breadcrumb\"},\"inLanguage\":\"fr-FR\",\"potentialAction\":[{\"@type\":\"ReadAction\",\"target\":[\"https:\\\/\\\/www.aspmf.com\\\/WP\\\/historique\\\/\"]}]},{\"@type\":\"ImageObject\",\"inLanguage\":\"fr-FR\",\"@id\":\"https:\\\/\\\/www.aspmf.com\\\/WP\\\/historique\\\/#primaryimage\",\"url\":\"https:\\\/\\\/www.aspmf.com\\\/WP\\\/wp-content\\\/uploads\\\/fret200031.jpg\",\"contentUrl\":\"https:\\\/\\\/www.aspmf.com\\\/WP\\\/wp-content\\\/uploads\\\/fret200031.jpg\",\"width\":591,\"height\":381,\"caption\":\"Le canot \u00e0 bord de \u00abl\u2019Averse\u00bb\"},{\"@type\":\"BreadcrumbList\",\"@id\":\"https:\\\/\\\/www.aspmf.com\\\/WP\\\/historique\\\/#breadcrumb\",\"itemListElement\":[{\"@type\":\"ListItem\",\"position\":1,\"name\":\"Accueil\",\"item\":\"https:\\\/\\\/www.aspmf.com\\\/WP\\\/\"},{\"@type\":\"ListItem\",\"position\":2,\"name\":\"Historique\"}]},{\"@type\":\"WebSite\",\"@id\":\"https:\\\/\\\/www.aspmf.com\\\/WP\\\/#website\",\"url\":\"https:\\\/\\\/www.aspmf.com\\\/WP\\\/\",\"name\":\"A.S.P.M.F\",\"description\":\"Association pour la Sauvegarde du Patrimoine Maritime du Fret\",\"potentialAction\":[{\"@type\":\"SearchAction\",\"target\":{\"@type\":\"EntryPoint\",\"urlTemplate\":\"https:\\\/\\\/www.aspmf.com\\\/WP\\\/?s={search_term_string}\"},\"query-input\":{\"@type\":\"PropertyValueSpecification\",\"valueRequired\":true,\"valueName\":\"search_term_string\"}}],\"inLanguage\":\"fr-FR\"},{\"@type\":\"Person\",\"@id\":\"https:\\\/\\\/www.aspmf.com\\\/WP\\\/#\\\/schema\\\/person\\\/b8a5c7fdf2e85e8032b1176abb7b9818\",\"name\":\"Admin\",\"image\":{\"@type\":\"ImageObject\",\"inLanguage\":\"fr-FR\",\"@id\":\"https:\\\/\\\/secure.gravatar.com\\\/avatar\\\/ffe3b515217607bd7b19680b3c24b8fdd3c1fdbcfa6b8d13cf9c6abf1038dbca?s=96&d=mm&r=g\",\"url\":\"https:\\\/\\\/secure.gravatar.com\\\/avatar\\\/ffe3b515217607bd7b19680b3c24b8fdd3c1fdbcfa6b8d13cf9c6abf1038dbca?s=96&d=mm&r=g\",\"contentUrl\":\"https:\\\/\\\/secure.gravatar.com\\\/avatar\\\/ffe3b515217607bd7b19680b3c24b8fdd3c1fdbcfa6b8d13cf9c6abf1038dbca?s=96&d=mm&r=g\",\"caption\":\"Admin\"},\"sameAs\":[\"http:\\\/\\\/www.aspmf.com\"],\"url\":\"https:\\\/\\\/www.aspmf.com\\\/WP\\\/author\\\/aspmf\\\/\"}]}<\/script>\n<!-- \/ Yoast SEO plugin. -->","yoast_head_json":{"title":"Historique - A.S.P.M.F","robots":{"index":"index","follow":"follow","max-snippet":"max-snippet:-1","max-image-preview":"max-image-preview:large","max-video-preview":"max-video-preview:-1"},"canonical":"https:\/\/www.aspmf.com\/WP\/historique\/","og_locale":"fr_FR","og_type":"article","og_title":"Historique - A.S.P.M.F","og_description":"Le canot L\u2019ASPMF, soucieuse de d\u00e9velopper l\u2019aspect maritime du patrimoine Fr\u00e9tois a entrepris la restauration d\u2019une embarcation. Le choix s\u2019est port\u00e9 sur un canot qui finissait ses jours sur un navire citerne \u00e9chou\u00e9 dans le port de Rostellec. Cette embarcation, construite en 1973, faisait partie de la drome \u00e9quipant les escorteurs d\u2019escadre de la marine &hellip; Lire la suite","og_url":"https:\/\/www.aspmf.com\/WP\/historique\/","og_site_name":"A.S.P.M.F","article_publisher":"https:\/\/www.facebook.com\/aspmflefret\/","article_published_time":"2015-09-13T15:24:17+00:00","article_modified_time":"2016-12-25T14:07:50+00:00","og_image":[{"width":591,"height":381,"url":"https:\/\/www.aspmf.com\/WP\/wp-content\/uploads\/fret200031.jpg","type":"image\/jpeg"}],"author":"Admin","twitter_card":"summary_large_image","twitter_misc":{"\u00c9crit par":"Admin","Dur\u00e9e de lecture estim\u00e9e":"2 minutes"},"schema":{"@context":"https:\/\/schema.org","@graph":[{"@type":"Article","@id":"https:\/\/www.aspmf.com\/WP\/historique\/#article","isPartOf":{"@id":"https:\/\/www.aspmf.com\/WP\/historique\/"},"author":{"name":"Admin","@id":"https:\/\/www.aspmf.com\/WP\/#\/schema\/person\/b8a5c7fdf2e85e8032b1176abb7b9818"},"headline":"Historique","datePublished":"2015-09-13T15:24:17+00:00","dateModified":"2016-12-25T14:07:50+00:00","mainEntityOfPage":{"@id":"https:\/\/www.aspmf.com\/WP\/historique\/"},"wordCount":372,"image":{"@id":"https:\/\/www.aspmf.com\/WP\/historique\/#primaryimage"},"thumbnailUrl":"https:\/\/www.aspmf.com\/WP\/wp-content\/uploads\/fret200031.jpg","keywords":["aspmf","canot","crozon","fretoise","historique","L\u2019Averse","Rostellec"],"articleSection":["La Fr\u00e9toise"],"inLanguage":"fr-FR"},{"@type":"WebPage","@id":"https:\/\/www.aspmf.com\/WP\/historique\/","url":"https:\/\/www.aspmf.com\/WP\/historique\/","name":"Historique - A.S.P.M.F","isPartOf":{"@id":"https:\/\/www.aspmf.com\/WP\/#website"},"primaryImageOfPage":{"@id":"https:\/\/www.aspmf.com\/WP\/historique\/#primaryimage"},"image":{"@id":"https:\/\/www.aspmf.com\/WP\/historique\/#primaryimage"},"thumbnailUrl":"https:\/\/www.aspmf.com\/WP\/wp-content\/uploads\/fret200031.jpg","datePublished":"2015-09-13T15:24:17+00:00","dateModified":"2016-12-25T14:07:50+00:00","author":{"@id":"https:\/\/www.aspmf.com\/WP\/#\/schema\/person\/b8a5c7fdf2e85e8032b1176abb7b9818"},"breadcrumb":{"@id":"https:\/\/www.aspmf.com\/WP\/historique\/#breadcrumb"},"inLanguage":"fr-FR","potentialAction":[{"@type":"ReadAction","target":["https:\/\/www.aspmf.com\/WP\/historique\/"]}]},{"@type":"ImageObject","inLanguage":"fr-FR","@id":"https:\/\/www.aspmf.com\/WP\/historique\/#primaryimage","url":"https:\/\/www.aspmf.com\/WP\/wp-content\/uploads\/fret200031.jpg","contentUrl":"https:\/\/www.aspmf.com\/WP\/wp-content\/uploads\/fret200031.jpg","width":591,"height":381,"caption":"Le canot \u00e0 bord de \u00abl\u2019Averse\u00bb"},{"@type":"BreadcrumbList","@id":"https:\/\/www.aspmf.com\/WP\/historique\/#breadcrumb","itemListElement":[{"@type":"ListItem","position":1,"name":"Accueil","item":"https:\/\/www.aspmf.com\/WP\/"},{"@type":"ListItem","position":2,"name":"Historique"}]},{"@type":"WebSite","@id":"https:\/\/www.aspmf.com\/WP\/#website","url":"https:\/\/www.aspmf.com\/WP\/","name":"A.S.P.M.F","description":"Association pour la Sauvegarde du Patrimoine Maritime du Fret","potentialAction":[{"@type":"SearchAction","target":{"@type":"EntryPoint","urlTemplate":"https:\/\/www.aspmf.com\/WP\/?s={search_term_string}"},"query-input":{"@type":"PropertyValueSpecification","valueRequired":true,"valueName":"search_term_string"}}],"inLanguage":"fr-FR"},{"@type":"Person","@id":"https:\/\/www.aspmf.com\/WP\/#\/schema\/person\/b8a5c7fdf2e85e8032b1176abb7b9818","name":"Admin","image":{"@type":"ImageObject","inLanguage":"fr-FR","@id":"https:\/\/secure.gravatar.com\/avatar\/ffe3b515217607bd7b19680b3c24b8fdd3c1fdbcfa6b8d13cf9c6abf1038dbca?s=96&d=mm&r=g","url":"https:\/\/secure.gravatar.com\/avatar\/ffe3b515217607bd7b19680b3c24b8fdd3c1fdbcfa6b8d13cf9c6abf1038dbca?s=96&d=mm&r=g","contentUrl":"https:\/\/secure.gravatar.com\/avatar\/ffe3b515217607bd7b19680b3c24b8fdd3c1fdbcfa6b8d13cf9c6abf1038dbca?s=96&d=mm&r=g","caption":"Admin"},"sameAs":["http:\/\/www.aspmf.com"],"url":"https:\/\/www.aspmf.com\/WP\/author\/aspmf\/"}]}},"_links":{"self":[{"href":"https:\/\/www.aspmf.com\/WP\/wp-json\/wp\/v2\/posts\/57","targetHints":{"allow":["GET"]}}],"collection":[{"href":"https:\/\/www.aspmf.com\/WP\/wp-json\/wp\/v2\/posts"}],"about":[{"href":"https:\/\/www.aspmf.com\/WP\/wp-json\/wp\/v2\/types\/post"}],"author":[{"embeddable":true,"href":"https:\/\/www.aspmf.com\/WP\/wp-json\/wp\/v2\/users\/5"}],"replies":[{"embeddable":true,"href":"https:\/\/www.aspmf.com\/WP\/wp-json\/wp\/v2\/comments?post=57"}],"version-history":[{"count":0,"href":"https:\/\/www.aspmf.com\/WP\/wp-json\/wp\/v2\/posts\/57\/revisions"}],"wp:featuredmedia":[{"embeddable":true,"href":"https:\/\/www.aspmf.com\/WP\/wp-json\/wp\/v2\/media\/114"}],"wp:attachment":[{"href":"https:\/\/www.aspmf.com\/WP\/wp-json\/wp\/v2\/media?parent=57"}],"wp:term":[{"taxonomy":"category","embeddable":true,"href":"https:\/\/www.aspmf.com\/WP\/wp-json\/wp\/v2\/categories?post=57"},{"taxonomy":"post_tag","embeddable":true,"href":"https:\/\/www.aspmf.com\/WP\/wp-json\/wp\/v2\/tags?post=57"}],"curies":[{"name":"wp","href":"https:\/\/api.w.org\/{rel}","templated":true}]}}