{"id":204,"date":"2016-05-01T09:08:53","date_gmt":"2016-05-01T07:08:53","guid":{"rendered":"http:\/\/www.aspmf.com\/WP\/?p=204"},"modified":"2016-12-25T18:41:56","modified_gmt":"2016-12-25T16:41:56","slug":"participation-de-la-fretoise-a-la-fete-de-la-mer-lanveoc-13-juillet-2009","status":"publish","type":"post","link":"https:\/\/www.aspmf.com\/WP\/participation-de-la-fretoise-a-la-fete-de-la-mer-lanveoc-13-juillet-2009\/","title":{"rendered":"Participation de la Fr\u00e9toise \u00e0 la F\u00eate de la mer (lanv\u00e9oc &#8211; 13 Juillet 2009)"},"content":{"rendered":"<div align=\"center\">\n<table class=\"MsoTableGrid\" style=\"width: 487.4pt; border-collapse: collapse; border: none; mso-border-alt: solid windowtext .5pt; mso-yfti-tbllook: 480; mso-padding-alt: 0cm 5.4pt 0cm 5.4pt; mso-border-insideh: .5pt solid windowtext; mso-border-insidev: .5pt solid windowtext;\" border=\"1\" width=\"650\" cellspacing=\"0\" cellpadding=\"0\">\n<tbody>\n<tr style=\"mso-yfti-irow: 0; mso-yfti-lastrow: yes;\">\n<td><a><br \/>\n<\/a><\/p>\n<div align=\"center\"><img loading=\"lazy\" decoding=\"async\" title=\"\" src=\"http:\/\/www.aspmf.com\/photos\/la fretoise\/2009\/mini\/PICT0031.jpg\" alt=\"\" width=\"185\" height=\"139\" border=\"1\" \/><\/div>\n<\/td>\n<td><a><br \/>\n<\/a><\/p>\n<div align=\"center\"><img loading=\"lazy\" decoding=\"async\" title=\"\" src=\"http:\/\/www.aspmf.com\/photos\/la fretoise\/2009\/mini\/PICT0032.jpg\" alt=\"\" width=\"185\" height=\"139\" border=\"1\" \/><\/div>\n<\/td>\n<td><a><br \/>\n<\/a><\/p>\n<div align=\"center\"><img loading=\"lazy\" decoding=\"async\" title=\"\" src=\"http:\/\/www.aspmf.com\/photos\/la fretoise\/2009\/mini\/PICT0034.jpg\" alt=\"\" width=\"185\" height=\"139\" border=\"1\" \/><\/div>\n<\/td>\n<\/tr>\n<\/tbody>\n<\/table>\n<\/div>\n<div align=\"center\">\n<table class=\"MsoTableGrid\" style=\"width: 487.4pt; border-collapse: collapse; border: none; mso-border-alt: solid windowtext .5pt; mso-yfti-tbllook: 480; mso-padding-alt: 0cm 5.4pt 0cm 5.4pt; mso-border-insideh: .5pt solid windowtext; mso-border-insidev: .5pt solid windowtext;\" border=\"1\" width=\"650\" cellspacing=\"0\" cellpadding=\"0\">\n<tbody>\n<tr style=\"mso-yfti-irow: 0; mso-yfti-lastrow: yes;\">\n<td><a><br \/>\n<\/a><\/p>\n<div align=\"center\"><img loading=\"lazy\" decoding=\"async\" title=\"\" src=\"http:\/\/www.aspmf.com\/photos\/la fretoise\/2009\/mini\/PICT0041.jpg\" alt=\"\" width=\"185\" height=\"139\" border=\"1\" \/><\/div>\n<\/td>\n<td><a><br \/>\n<\/a><\/p>\n<div align=\"center\"><img loading=\"lazy\" decoding=\"async\" title=\"\" src=\"http:\/\/www.aspmf.com\/photos\/la fretoise\/2009\/mini\/PICT0051.jpg\" alt=\"\" width=\"185\" height=\"139\" border=\"1\" \/><\/div>\n<\/td>\n<\/tr>\n<\/tbody>\n<\/table>\n<\/div>\n","protected":false},"excerpt":{"rendered":"","protected":false},"author":5,"featured_media":0,"comment_status":"closed","ping_status":"closed","sticky":false,"template":"","format":"image","meta":{"_exactmetrics_skip_tracking":false,"_exactmetrics_sitenote_active":false,"_exactmetrics_sitenote_note":"","_exactmetrics_sitenote_category":0,"footnotes":""},"categories":[5],"tags":[53,59,11,27,41,58],"class_list":["post-204","post","type-post","status-publish","format-image","hentry","category-la-fretoise","tag-53","tag-de-la-mer","tag-fete","tag-fretoise","tag-juillet","tag-lanveoc","post_format-post-format-image","item-wrap"],"yoast_head":"<!-- This site is optimized with the Yoast SEO plugin v27.5 - https:\/\/yoast.com\/product\/yoast-seo-wordpress\/ -->\n<title>Participation de la Fr\u00e9toise \u00e0 la F\u00eate de la mer (lanv\u00e9oc - 13 Juillet 2009) - A.S.P.M.F<\/title>\n<meta name=\"robots\" content=\"index, follow, max-snippet:-1, max-image-preview:large, max-video-preview:-1\" \/>\n<link rel=\"canonical\" href=\"https:\/\/www.aspmf.com\/WP\/participation-de-la-fretoise-a-la-fete-de-la-mer-lanveoc-13-juillet-2009\/\" \/>\n<meta property=\"og:locale\" content=\"fr_FR\" \/>\n<meta property=\"og:type\" content=\"article\" \/>\n<meta property=\"og:title\" content=\"Participation de la Fr\u00e9toise \u00e0 la F\u00eate de la mer (lanv\u00e9oc - 13 Juillet 2009) - A.S.P.M.F\" \/>\n<meta property=\"og:url\" content=\"https:\/\/www.aspmf.com\/WP\/participation-de-la-fretoise-a-la-fete-de-la-mer-lanveoc-13-juillet-2009\/\" \/>\n<meta property=\"og:site_name\" content=\"A.S.P.M.F\" \/>\n<meta property=\"article:publisher\" content=\"https:\/\/www.facebook.com\/aspmflefret\/\" \/>\n<meta property=\"article:published_time\" content=\"2016-05-01T07:08:53+00:00\" \/>\n<meta property=\"article:modified_time\" content=\"2016-12-25T16:41:56+00:00\" \/>\n<meta property=\"og:image\" content=\"http:\/\/www.aspmf.com\/photos\/la%20fretoise\/2009\/mini\/PICT0031.jpg\" \/>\n<meta name=\"author\" content=\"Admin\" \/>\n<meta name=\"twitter:card\" content=\"summary_large_image\" \/>\n<meta name=\"twitter:label1\" content=\"\u00c9crit par\" \/>\n\t<meta name=\"twitter:data1\" content=\"Admin\" \/>\n<script type=\"application\/ld+json\" class=\"yoast-schema-graph\">{\"@context\":\"https:\\\/\\\/schema.org\",\"@graph\":[{\"@type\":\"Article\",\"@id\":\"https:\\\/\\\/www.aspmf.com\\\/WP\\\/participation-de-la-fretoise-a-la-fete-de-la-mer-lanveoc-13-juillet-2009\\\/#article\",\"isPartOf\":{\"@id\":\"https:\\\/\\\/www.aspmf.com\\\/WP\\\/participation-de-la-fretoise-a-la-fete-de-la-mer-lanveoc-13-juillet-2009\\\/\"},\"author\":{\"name\":\"Admin\",\"@id\":\"https:\\\/\\\/www.aspmf.com\\\/WP\\\/#\\\/schema\\\/person\\\/b8a5c7fdf2e85e8032b1176abb7b9818\"},\"headline\":\"Participation de la Fr\u00e9toise \u00e0 la F\u00eate de la mer (lanv\u00e9oc &#8211; 13 Juillet 2009)\",\"datePublished\":\"2016-05-01T07:08:53+00:00\",\"dateModified\":\"2016-12-25T16:41:56+00:00\",\"mainEntityOfPage\":{\"@id\":\"https:\\\/\\\/www.aspmf.com\\\/WP\\\/participation-de-la-fretoise-a-la-fete-de-la-mer-lanveoc-13-juillet-2009\\\/\"},\"wordCount\":15,\"keywords\":[\"2009\",\"de la mer\",\"f\u00eate\",\"fretoise\",\"juillet\",\"lanveoc\"],\"articleSection\":[\"La Fr\u00e9toise\"],\"inLanguage\":\"fr-FR\"},{\"@type\":\"WebPage\",\"@id\":\"https:\\\/\\\/www.aspmf.com\\\/WP\\\/participation-de-la-fretoise-a-la-fete-de-la-mer-lanveoc-13-juillet-2009\\\/\",\"url\":\"https:\\\/\\\/www.aspmf.com\\\/WP\\\/participation-de-la-fretoise-a-la-fete-de-la-mer-lanveoc-13-juillet-2009\\\/\",\"name\":\"Participation de la Fr\u00e9toise \u00e0 la F\u00eate de la mer (lanv\u00e9oc - 13 Juillet 2009) - A.S.P.M.F\",\"isPartOf\":{\"@id\":\"https:\\\/\\\/www.aspmf.com\\\/WP\\\/#website\"},\"datePublished\":\"2016-05-01T07:08:53+00:00\",\"dateModified\":\"2016-12-25T16:41:56+00:00\",\"author\":{\"@id\":\"https:\\\/\\\/www.aspmf.com\\\/WP\\\/#\\\/schema\\\/person\\\/b8a5c7fdf2e85e8032b1176abb7b9818\"},\"breadcrumb\":{\"@id\":\"https:\\\/\\\/www.aspmf.com\\\/WP\\\/participation-de-la-fretoise-a-la-fete-de-la-mer-lanveoc-13-juillet-2009\\\/#breadcrumb\"},\"inLanguage\":\"fr-FR\",\"potentialAction\":[{\"@type\":\"ReadAction\",\"target\":[\"https:\\\/\\\/www.aspmf.com\\\/WP\\\/participation-de-la-fretoise-a-la-fete-de-la-mer-lanveoc-13-juillet-2009\\\/\"]}]},{\"@type\":\"BreadcrumbList\",\"@id\":\"https:\\\/\\\/www.aspmf.com\\\/WP\\\/participation-de-la-fretoise-a-la-fete-de-la-mer-lanveoc-13-juillet-2009\\\/#breadcrumb\",\"itemListElement\":[{\"@type\":\"ListItem\",\"position\":1,\"name\":\"Accueil\",\"item\":\"https:\\\/\\\/www.aspmf.com\\\/WP\\\/\"},{\"@type\":\"ListItem\",\"position\":2,\"name\":\"Participation de la Fr\u00e9toise \u00e0 la F\u00eate de la mer (lanv\u00e9oc &#8211; 13 Juillet 2009)\"}]},{\"@type\":\"WebSite\",\"@id\":\"https:\\\/\\\/www.aspmf.com\\\/WP\\\/#website\",\"url\":\"https:\\\/\\\/www.aspmf.com\\\/WP\\\/\",\"name\":\"A.S.P.M.F\",\"description\":\"Association pour la Sauvegarde du Patrimoine Maritime du Fret\",\"potentialAction\":[{\"@type\":\"SearchAction\",\"target\":{\"@type\":\"EntryPoint\",\"urlTemplate\":\"https:\\\/\\\/www.aspmf.com\\\/WP\\\/?s={search_term_string}\"},\"query-input\":{\"@type\":\"PropertyValueSpecification\",\"valueRequired\":true,\"valueName\":\"search_term_string\"}}],\"inLanguage\":\"fr-FR\"},{\"@type\":\"Person\",\"@id\":\"https:\\\/\\\/www.aspmf.com\\\/WP\\\/#\\\/schema\\\/person\\\/b8a5c7fdf2e85e8032b1176abb7b9818\",\"name\":\"Admin\",\"image\":{\"@type\":\"ImageObject\",\"inLanguage\":\"fr-FR\",\"@id\":\"https:\\\/\\\/secure.gravatar.com\\\/avatar\\\/ffe3b515217607bd7b19680b3c24b8fdd3c1fdbcfa6b8d13cf9c6abf1038dbca?s=96&d=mm&r=g\",\"url\":\"https:\\\/\\\/secure.gravatar.com\\\/avatar\\\/ffe3b515217607bd7b19680b3c24b8fdd3c1fdbcfa6b8d13cf9c6abf1038dbca?s=96&d=mm&r=g\",\"contentUrl\":\"https:\\\/\\\/secure.gravatar.com\\\/avatar\\\/ffe3b515217607bd7b19680b3c24b8fdd3c1fdbcfa6b8d13cf9c6abf1038dbca?s=96&d=mm&r=g\",\"caption\":\"Admin\"},\"sameAs\":[\"http:\\\/\\\/www.aspmf.com\"],\"url\":\"https:\\\/\\\/www.aspmf.com\\\/WP\\\/author\\\/aspmf\\\/\"}]}<\/script>\n<!-- \/ Yoast SEO plugin. -->","yoast_head_json":{"title":"Participation de la Fr\u00e9toise \u00e0 la F\u00eate de la mer (lanv\u00e9oc - 13 Juillet 2009) - A.S.P.M.F","robots":{"index":"index","follow":"follow","max-snippet":"max-snippet:-1","max-image-preview":"max-image-preview:large","max-video-preview":"max-video-preview:-1"},"canonical":"https:\/\/www.aspmf.com\/WP\/participation-de-la-fretoise-a-la-fete-de-la-mer-lanveoc-13-juillet-2009\/","og_locale":"fr_FR","og_type":"article","og_title":"Participation de la Fr\u00e9toise \u00e0 la F\u00eate de la mer (lanv\u00e9oc - 13 Juillet 2009) - A.S.P.M.F","og_url":"https:\/\/www.aspmf.com\/WP\/participation-de-la-fretoise-a-la-fete-de-la-mer-lanveoc-13-juillet-2009\/","og_site_name":"A.S.P.M.F","article_publisher":"https:\/\/www.facebook.com\/aspmflefret\/","article_published_time":"2016-05-01T07:08:53+00:00","article_modified_time":"2016-12-25T16:41:56+00:00","og_image":[{"url":"http:\/\/www.aspmf.com\/photos\/la fretoise\/2009\/mini\/PICT0031.jpg","type":"","width":"","height":""}],"author":"Admin","twitter_card":"summary_large_image","twitter_misc":{"\u00c9crit par":"Admin"},"schema":{"@context":"https:\/\/schema.org","@graph":[{"@type":"Article","@id":"https:\/\/www.aspmf.com\/WP\/participation-de-la-fretoise-a-la-fete-de-la-mer-lanveoc-13-juillet-2009\/#article","isPartOf":{"@id":"https:\/\/www.aspmf.com\/WP\/participation-de-la-fretoise-a-la-fete-de-la-mer-lanveoc-13-juillet-2009\/"},"author":{"name":"Admin","@id":"https:\/\/www.aspmf.com\/WP\/#\/schema\/person\/b8a5c7fdf2e85e8032b1176abb7b9818"},"headline":"Participation de la Fr\u00e9toise \u00e0 la F\u00eate de la mer (lanv\u00e9oc &#8211; 13 Juillet 2009)","datePublished":"2016-05-01T07:08:53+00:00","dateModified":"2016-12-25T16:41:56+00:00","mainEntityOfPage":{"@id":"https:\/\/www.aspmf.com\/WP\/participation-de-la-fretoise-a-la-fete-de-la-mer-lanveoc-13-juillet-2009\/"},"wordCount":15,"keywords":["2009","de la mer","f\u00eate","fretoise","juillet","lanveoc"],"articleSection":["La Fr\u00e9toise"],"inLanguage":"fr-FR"},{"@type":"WebPage","@id":"https:\/\/www.aspmf.com\/WP\/participation-de-la-fretoise-a-la-fete-de-la-mer-lanveoc-13-juillet-2009\/","url":"https:\/\/www.aspmf.com\/WP\/participation-de-la-fretoise-a-la-fete-de-la-mer-lanveoc-13-juillet-2009\/","name":"Participation de la Fr\u00e9toise \u00e0 la F\u00eate de la mer (lanv\u00e9oc - 13 Juillet 2009) - A.S.P.M.F","isPartOf":{"@id":"https:\/\/www.aspmf.com\/WP\/#website"},"datePublished":"2016-05-01T07:08:53+00:00","dateModified":"2016-12-25T16:41:56+00:00","author":{"@id":"https:\/\/www.aspmf.com\/WP\/#\/schema\/person\/b8a5c7fdf2e85e8032b1176abb7b9818"},"breadcrumb":{"@id":"https:\/\/www.aspmf.com\/WP\/participation-de-la-fretoise-a-la-fete-de-la-mer-lanveoc-13-juillet-2009\/#breadcrumb"},"inLanguage":"fr-FR","potentialAction":[{"@type":"ReadAction","target":["https:\/\/www.aspmf.com\/WP\/participation-de-la-fretoise-a-la-fete-de-la-mer-lanveoc-13-juillet-2009\/"]}]},{"@type":"BreadcrumbList","@id":"https:\/\/www.aspmf.com\/WP\/participation-de-la-fretoise-a-la-fete-de-la-mer-lanveoc-13-juillet-2009\/#breadcrumb","itemListElement":[{"@type":"ListItem","position":1,"name":"Accueil","item":"https:\/\/www.aspmf.com\/WP\/"},{"@type":"ListItem","position":2,"name":"Participation de la Fr\u00e9toise \u00e0 la F\u00eate de la mer (lanv\u00e9oc &#8211; 13 Juillet 2009)"}]},{"@type":"WebSite","@id":"https:\/\/www.aspmf.com\/WP\/#website","url":"https:\/\/www.aspmf.com\/WP\/","name":"A.S.P.M.F","description":"Association pour la Sauvegarde du Patrimoine Maritime du Fret","potentialAction":[{"@type":"SearchAction","target":{"@type":"EntryPoint","urlTemplate":"https:\/\/www.aspmf.com\/WP\/?s={search_term_string}"},"query-input":{"@type":"PropertyValueSpecification","valueRequired":true,"valueName":"search_term_string"}}],"inLanguage":"fr-FR"},{"@type":"Person","@id":"https:\/\/www.aspmf.com\/WP\/#\/schema\/person\/b8a5c7fdf2e85e8032b1176abb7b9818","name":"Admin","image":{"@type":"ImageObject","inLanguage":"fr-FR","@id":"https:\/\/secure.gravatar.com\/avatar\/ffe3b515217607bd7b19680b3c24b8fdd3c1fdbcfa6b8d13cf9c6abf1038dbca?s=96&d=mm&r=g","url":"https:\/\/secure.gravatar.com\/avatar\/ffe3b515217607bd7b19680b3c24b8fdd3c1fdbcfa6b8d13cf9c6abf1038dbca?s=96&d=mm&r=g","contentUrl":"https:\/\/secure.gravatar.com\/avatar\/ffe3b515217607bd7b19680b3c24b8fdd3c1fdbcfa6b8d13cf9c6abf1038dbca?s=96&d=mm&r=g","caption":"Admin"},"sameAs":["http:\/\/www.aspmf.com"],"url":"https:\/\/www.aspmf.com\/WP\/author\/aspmf\/"}]}},"_links":{"self":[{"href":"https:\/\/www.aspmf.com\/WP\/wp-json\/wp\/v2\/posts\/204","targetHints":{"allow":["GET"]}}],"collection":[{"href":"https:\/\/www.aspmf.com\/WP\/wp-json\/wp\/v2\/posts"}],"about":[{"href":"https:\/\/www.aspmf.com\/WP\/wp-json\/wp\/v2\/types\/post"}],"author":[{"embeddable":true,"href":"https:\/\/www.aspmf.com\/WP\/wp-json\/wp\/v2\/users\/5"}],"replies":[{"embeddable":true,"href":"https:\/\/www.aspmf.com\/WP\/wp-json\/wp\/v2\/comments?post=204"}],"version-history":[{"count":0,"href":"https:\/\/www.aspmf.com\/WP\/wp-json\/wp\/v2\/posts\/204\/revisions"}],"wp:attachment":[{"href":"https:\/\/www.aspmf.com\/WP\/wp-json\/wp\/v2\/media?parent=204"}],"wp:term":[{"taxonomy":"category","embeddable":true,"href":"https:\/\/www.aspmf.com\/WP\/wp-json\/wp\/v2\/categories?post=204"},{"taxonomy":"post_tag","embeddable":true,"href":"https:\/\/www.aspmf.com\/WP\/wp-json\/wp\/v2\/tags?post=204"}],"curies":[{"name":"wp","href":"https:\/\/api.w.org\/{rel}","templated":true}]}}