{"id":166,"date":"2016-04-24T23:18:42","date_gmt":"2016-04-24T21:18:42","guid":{"rendered":"http:\/\/www.aspmf.com\/WP\/?p=166"},"modified":"2016-12-25T17:03:14","modified_gmt":"2016-12-25T15:03:14","slug":"la-premiere-sortie-072004","status":"publish","type":"post","link":"https:\/\/www.aspmf.com\/WP\/la-premiere-sortie-072004\/","title":{"rendered":"LA PREMIERE SORTIE (07\/2004)"},"content":{"rendered":"<p class=\"MsoNormal\" style=\"text-align: justify;\">Enfin le grand jour est arriv\u00e9. Nous sommes le vendredi 02 juillet 2004 et la baleini\u00e8re va pour la premi\u00e8re fois conna\u00eetre les rivages de notre belle rade de Brest dans l\u2019attente de son lancement le lendemain.<\/p>\n<div align=\"center\">\n<table class=\"MsoTableGrid\" style=\"width: 465.7pt; border-collapse: collapse; border: none; mso-border-alt: solid windowtext .5pt; mso-yfti-tbllook: 480; mso-padding-alt: 0cm 5.4pt 0cm 5.4pt; mso-border-insideh: .5pt solid windowtext; mso-border-insidev: .5pt solid windowtext;\" border=\"1\" width=\"621\" cellspacing=\"0\" cellpadding=\"0\">\n<tbody>\n<tr style=\"mso-yfti-irow: 0; mso-yfti-lastrow: yes;\">\n<td><a><img loading=\"lazy\" decoding=\"async\" title=\"\" src=\"http:\/\/www.aspmf.com\/photos\/la fretoise\/mini\/fte020704_002.jpg\" alt=\"\" width=\"185\" height=\"125\" border=\"1\" \/><\/a><\/td>\n<td><a><img loading=\"lazy\" decoding=\"async\" title=\"\" src=\"http:\/\/www.aspmf.com\/photos\/la fretoise\/mini\/fte020704_011.jpg\" alt=\"\" width=\"185\" height=\"125\" border=\"1\" \/><\/a><\/td>\n<td><a><img loading=\"lazy\" decoding=\"async\" title=\"\" src=\"http:\/\/www.aspmf.com\/photos\/la fretoise\/mini\/fte020704_014.jpg\" alt=\"\" width=\"185\" height=\"125\" border=\"1\" \/><\/a><\/td>\n<\/tr>\n<\/tbody>\n<\/table>\n<table class=\"MsoTableGrid\" style=\"width: 465.7pt; border-collapse: collapse; border: none; mso-border-alt: solid windowtext .5pt; mso-yfti-tbllook: 480; mso-padding-alt: 0cm 5.4pt 0cm 5.4pt; mso-border-insideh: .5pt solid windowtext; mso-border-insidev: .5pt solid windowtext;\" border=\"1\" width=\"621\" cellspacing=\"0\" cellpadding=\"0\">\n<tbody>\n<tr style=\"mso-yfti-irow: 0; mso-yfti-lastrow: yes;\">\n<td><a><img loading=\"lazy\" decoding=\"async\" title=\"\" src=\"http:\/\/www.aspmf.com\/photos\/la fretoise\/mini\/fte020704_020.jpg\" alt=\"\" width=\"185\" height=\"125\" border=\"1\" \/><\/a><\/td>\n<td><a><img loading=\"lazy\" decoding=\"async\" title=\"\" src=\"http:\/\/www.aspmf.com\/photos\/la fretoise\/mini\/fte020704_021.jpg\" alt=\"\" width=\"185\" height=\"125\" border=\"1\" \/><\/a><\/td>\n<td><a><img loading=\"lazy\" decoding=\"async\" title=\"\" src=\"http:\/\/www.aspmf.com\/photos\/la fretoise\/mini\/fte020704_025.jpg\" alt=\"\" width=\"185\" height=\"125\" border=\"1\" \/><\/a><\/td>\n<\/tr>\n<\/tbody>\n<\/table>\n<table class=\"MsoTableGrid\" style=\"width: 465.7pt; border-collapse: collapse; border: none; mso-border-alt: solid windowtext .5pt; mso-yfti-tbllook: 480; mso-padding-alt: 0cm 5.4pt 0cm 5.4pt; mso-border-insideh: .5pt solid windowtext; mso-border-insidev: .5pt solid windowtext;\" border=\"1\" width=\"621\" cellspacing=\"0\" cellpadding=\"0\">\n<tbody>\n<tr style=\"mso-yfti-irow: 0;\">\n<td><a><img loading=\"lazy\" decoding=\"async\" title=\"Notre Marraine Denise\" src=\"http:\/\/www.aspmf.com\/photos\/la fretoise\/mini\/fte020704_031.jpg\" alt=\"\" width=\"185\" height=\"240\" border=\"1\" \/><\/a><\/td>\n<td><a><img loading=\"lazy\" decoding=\"async\" title=\"Une Fr\u00e9toise a\u00e9rienne\" src=\"http:\/\/www.aspmf.com\/photos\/la fretoise\/mini\/fte020704_024.jpg\" alt=\"\" width=\"185\" height=\"240\" border=\"1\" \/><\/a><\/td>\n<\/tr>\n<tr style=\"mso-yfti-irow: 1; mso-yfti-lastrow: yes;\">\n<td style=\"width: 130.4pt; border: solid windowtext 1.0pt; border-top: none; mso-border-top-alt: solid windowtext .5pt; mso-border-alt: solid windowtext .5pt; padding: 0cm 5.4pt 0cm 5.4pt;\" valign=\"top\" width=\"207\">\n<p class=\"MsoNormal\" style=\"text-align: center;\" align=\"center\"><i style=\"mso-bidi-font-style: normal;\"><span style=\"font-size: 10.0pt;\">Notre<br \/>\nMarraine Denise<\/span><\/i><\/p>\n<\/td>\n<td style=\"width: 130.3pt; border-top: none; border-left: none; border-bottom: solid windowtext 1.0pt; border-right: solid windowtext 1.0pt; mso-border-top-alt: solid windowtext .5pt; mso-border-left-alt: solid windowtext .5pt; mso-border-alt: solid windowtext .5pt; padding: 0cm 5.4pt 0cm 5.4pt;\" valign=\"top\" width=\"207\">\n<p class=\"MsoNormal\" style=\"text-align: center;\" align=\"center\"><i style=\"mso-bidi-font-style: normal;\"><span style=\"font-size: 10.0pt;\">Une<br \/>\nFr\u00e9toise a\u00e9rienne<\/span><\/i><\/p>\n<\/td>\n<\/tr>\n<\/tbody>\n<\/table>\n<p>&nbsp;<\/p>\n<\/div>\n","protected":false},"excerpt":{"rendered":"<p>Enfin le grand jour est arriv\u00e9. Nous sommes le vendredi 02 juillet 2004 et la baleini\u00e8re va pour la premi\u00e8re fois conna\u00eetre les rivages de notre belle rade de Brest dans l\u2019attente de son lancement le lendemain. Notre Marraine Denise Une Fr\u00e9toise a\u00e9rienne &nbsp;<\/p>\n","protected":false},"author":5,"featured_media":175,"comment_status":"closed","ping_status":"closed","sticky":false,"template":"","format":"standard","meta":{"_exactmetrics_skip_tracking":false,"_exactmetrics_sitenote_active":false,"_exactmetrics_sitenote_note":"","_exactmetrics_sitenote_category":0,"footnotes":""},"categories":[5],"tags":[40,43,16,39,27,41,17,42,37,38],"class_list":["post-166","post","type-post","status-publish","format-standard","has-post-thumbnail","hentry","category-la-fretoise","tag-40","tag-a-leau","tag-aspmf","tag-baleiniere","tag-fretoise","tag-juillet","tag-le-fret","tag-mise","tag-premiere","tag-sortie","item-wrap"],"yoast_head":"<!-- This site is optimized with the Yoast SEO plugin v27.4 - https:\/\/yoast.com\/product\/yoast-seo-wordpress\/ -->\n<title>LA PREMIERE SORTIE (07\/2004) - A.S.P.M.F<\/title>\n<meta name=\"robots\" content=\"index, follow, max-snippet:-1, max-image-preview:large, max-video-preview:-1\" \/>\n<link rel=\"canonical\" href=\"https:\/\/www.aspmf.com\/WP\/la-premiere-sortie-072004\/\" \/>\n<meta property=\"og:locale\" content=\"fr_FR\" \/>\n<meta property=\"og:type\" content=\"article\" \/>\n<meta property=\"og:title\" content=\"LA PREMIERE SORTIE (07\/2004) - A.S.P.M.F\" \/>\n<meta property=\"og:description\" content=\"Enfin le grand jour est arriv\u00e9. Nous sommes le vendredi 02 juillet 2004 et la baleini\u00e8re va pour la premi\u00e8re fois conna\u00eetre les rivages de notre belle rade de Brest dans l\u2019attente de son lancement le lendemain. Notre Marraine Denise Une Fr\u00e9toise a\u00e9rienne &nbsp;\" \/>\n<meta property=\"og:url\" content=\"https:\/\/www.aspmf.com\/WP\/la-premiere-sortie-072004\/\" \/>\n<meta property=\"og:site_name\" content=\"A.S.P.M.F\" \/>\n<meta property=\"article:publisher\" content=\"https:\/\/www.facebook.com\/aspmflefret\/\" \/>\n<meta property=\"article:published_time\" content=\"2016-04-24T21:18:42+00:00\" \/>\n<meta property=\"article:modified_time\" content=\"2016-12-25T15:03:14+00:00\" \/>\n<meta property=\"og:image\" content=\"https:\/\/www.aspmf.com\/WP\/wp-content\/uploads\/fte020704_0021.jpg\" \/>\n\t<meta property=\"og:image:width\" content=\"680\" \/>\n\t<meta property=\"og:image:height\" content=\"454\" \/>\n\t<meta property=\"og:image:type\" content=\"image\/jpeg\" \/>\n<meta name=\"author\" content=\"Admin\" \/>\n<meta name=\"twitter:card\" content=\"summary_large_image\" \/>\n<meta name=\"twitter:label1\" content=\"\u00c9crit par\" \/>\n\t<meta name=\"twitter:data1\" content=\"Admin\" \/>\n<script type=\"application\/ld+json\" class=\"yoast-schema-graph\">{\"@context\":\"https:\\\/\\\/schema.org\",\"@graph\":[{\"@type\":\"Article\",\"@id\":\"https:\\\/\\\/www.aspmf.com\\\/WP\\\/la-premiere-sortie-072004\\\/#article\",\"isPartOf\":{\"@id\":\"https:\\\/\\\/www.aspmf.com\\\/WP\\\/la-premiere-sortie-072004\\\/\"},\"author\":{\"name\":\"Admin\",\"@id\":\"https:\\\/\\\/www.aspmf.com\\\/WP\\\/#\\\/schema\\\/person\\\/b8a5c7fdf2e85e8032b1176abb7b9818\"},\"headline\":\"LA PREMIERE SORTIE (07\\\/2004)\",\"datePublished\":\"2016-04-24T21:18:42+00:00\",\"dateModified\":\"2016-12-25T15:03:14+00:00\",\"mainEntityOfPage\":{\"@id\":\"https:\\\/\\\/www.aspmf.com\\\/WP\\\/la-premiere-sortie-072004\\\/\"},\"wordCount\":51,\"image\":{\"@id\":\"https:\\\/\\\/www.aspmf.com\\\/WP\\\/la-premiere-sortie-072004\\\/#primaryimage\"},\"thumbnailUrl\":\"https:\\\/\\\/www.aspmf.com\\\/WP\\\/wp-content\\\/uploads\\\/fte020704_0021.jpg\",\"keywords\":[\"2004\",\"a l'eau\",\"aspmf\",\"baleiniere\",\"fretoise\",\"juillet\",\"le fret\",\"mise\",\"premiere\",\"sortie\"],\"articleSection\":[\"La Fr\u00e9toise\"],\"inLanguage\":\"fr-FR\"},{\"@type\":\"WebPage\",\"@id\":\"https:\\\/\\\/www.aspmf.com\\\/WP\\\/la-premiere-sortie-072004\\\/\",\"url\":\"https:\\\/\\\/www.aspmf.com\\\/WP\\\/la-premiere-sortie-072004\\\/\",\"name\":\"LA PREMIERE SORTIE (07\\\/2004) - A.S.P.M.F\",\"isPartOf\":{\"@id\":\"https:\\\/\\\/www.aspmf.com\\\/WP\\\/#website\"},\"primaryImageOfPage\":{\"@id\":\"https:\\\/\\\/www.aspmf.com\\\/WP\\\/la-premiere-sortie-072004\\\/#primaryimage\"},\"image\":{\"@id\":\"https:\\\/\\\/www.aspmf.com\\\/WP\\\/la-premiere-sortie-072004\\\/#primaryimage\"},\"thumbnailUrl\":\"https:\\\/\\\/www.aspmf.com\\\/WP\\\/wp-content\\\/uploads\\\/fte020704_0021.jpg\",\"datePublished\":\"2016-04-24T21:18:42+00:00\",\"dateModified\":\"2016-12-25T15:03:14+00:00\",\"author\":{\"@id\":\"https:\\\/\\\/www.aspmf.com\\\/WP\\\/#\\\/schema\\\/person\\\/b8a5c7fdf2e85e8032b1176abb7b9818\"},\"breadcrumb\":{\"@id\":\"https:\\\/\\\/www.aspmf.com\\\/WP\\\/la-premiere-sortie-072004\\\/#breadcrumb\"},\"inLanguage\":\"fr-FR\",\"potentialAction\":[{\"@type\":\"ReadAction\",\"target\":[\"https:\\\/\\\/www.aspmf.com\\\/WP\\\/la-premiere-sortie-072004\\\/\"]}]},{\"@type\":\"ImageObject\",\"inLanguage\":\"fr-FR\",\"@id\":\"https:\\\/\\\/www.aspmf.com\\\/WP\\\/la-premiere-sortie-072004\\\/#primaryimage\",\"url\":\"https:\\\/\\\/www.aspmf.com\\\/WP\\\/wp-content\\\/uploads\\\/fte020704_0021.jpg\",\"contentUrl\":\"https:\\\/\\\/www.aspmf.com\\\/WP\\\/wp-content\\\/uploads\\\/fte020704_0021.jpg\",\"width\":680,\"height\":454},{\"@type\":\"BreadcrumbList\",\"@id\":\"https:\\\/\\\/www.aspmf.com\\\/WP\\\/la-premiere-sortie-072004\\\/#breadcrumb\",\"itemListElement\":[{\"@type\":\"ListItem\",\"position\":1,\"name\":\"Accueil\",\"item\":\"https:\\\/\\\/www.aspmf.com\\\/WP\\\/\"},{\"@type\":\"ListItem\",\"position\":2,\"name\":\"LA PREMIERE SORTIE (07\\\/2004)\"}]},{\"@type\":\"WebSite\",\"@id\":\"https:\\\/\\\/www.aspmf.com\\\/WP\\\/#website\",\"url\":\"https:\\\/\\\/www.aspmf.com\\\/WP\\\/\",\"name\":\"A.S.P.M.F\",\"description\":\"Association pour la Sauvegarde du Patrimoine Maritime du Fret\",\"potentialAction\":[{\"@type\":\"SearchAction\",\"target\":{\"@type\":\"EntryPoint\",\"urlTemplate\":\"https:\\\/\\\/www.aspmf.com\\\/WP\\\/?s={search_term_string}\"},\"query-input\":{\"@type\":\"PropertyValueSpecification\",\"valueRequired\":true,\"valueName\":\"search_term_string\"}}],\"inLanguage\":\"fr-FR\"},{\"@type\":\"Person\",\"@id\":\"https:\\\/\\\/www.aspmf.com\\\/WP\\\/#\\\/schema\\\/person\\\/b8a5c7fdf2e85e8032b1176abb7b9818\",\"name\":\"Admin\",\"image\":{\"@type\":\"ImageObject\",\"inLanguage\":\"fr-FR\",\"@id\":\"https:\\\/\\\/secure.gravatar.com\\\/avatar\\\/ffe3b515217607bd7b19680b3c24b8fdd3c1fdbcfa6b8d13cf9c6abf1038dbca?s=96&d=mm&r=g\",\"url\":\"https:\\\/\\\/secure.gravatar.com\\\/avatar\\\/ffe3b515217607bd7b19680b3c24b8fdd3c1fdbcfa6b8d13cf9c6abf1038dbca?s=96&d=mm&r=g\",\"contentUrl\":\"https:\\\/\\\/secure.gravatar.com\\\/avatar\\\/ffe3b515217607bd7b19680b3c24b8fdd3c1fdbcfa6b8d13cf9c6abf1038dbca?s=96&d=mm&r=g\",\"caption\":\"Admin\"},\"sameAs\":[\"http:\\\/\\\/www.aspmf.com\"],\"url\":\"https:\\\/\\\/www.aspmf.com\\\/WP\\\/author\\\/aspmf\\\/\"}]}<\/script>\n<!-- \/ Yoast SEO plugin. -->","yoast_head_json":{"title":"LA PREMIERE SORTIE (07\/2004) - A.S.P.M.F","robots":{"index":"index","follow":"follow","max-snippet":"max-snippet:-1","max-image-preview":"max-image-preview:large","max-video-preview":"max-video-preview:-1"},"canonical":"https:\/\/www.aspmf.com\/WP\/la-premiere-sortie-072004\/","og_locale":"fr_FR","og_type":"article","og_title":"LA PREMIERE SORTIE (07\/2004) - A.S.P.M.F","og_description":"Enfin le grand jour est arriv\u00e9. Nous sommes le vendredi 02 juillet 2004 et la baleini\u00e8re va pour la premi\u00e8re fois conna\u00eetre les rivages de notre belle rade de Brest dans l\u2019attente de son lancement le lendemain. Notre Marraine Denise Une Fr\u00e9toise a\u00e9rienne &nbsp;","og_url":"https:\/\/www.aspmf.com\/WP\/la-premiere-sortie-072004\/","og_site_name":"A.S.P.M.F","article_publisher":"https:\/\/www.facebook.com\/aspmflefret\/","article_published_time":"2016-04-24T21:18:42+00:00","article_modified_time":"2016-12-25T15:03:14+00:00","og_image":[{"width":680,"height":454,"url":"https:\/\/www.aspmf.com\/WP\/wp-content\/uploads\/fte020704_0021.jpg","type":"image\/jpeg"}],"author":"Admin","twitter_card":"summary_large_image","twitter_misc":{"\u00c9crit par":"Admin"},"schema":{"@context":"https:\/\/schema.org","@graph":[{"@type":"Article","@id":"https:\/\/www.aspmf.com\/WP\/la-premiere-sortie-072004\/#article","isPartOf":{"@id":"https:\/\/www.aspmf.com\/WP\/la-premiere-sortie-072004\/"},"author":{"name":"Admin","@id":"https:\/\/www.aspmf.com\/WP\/#\/schema\/person\/b8a5c7fdf2e85e8032b1176abb7b9818"},"headline":"LA PREMIERE SORTIE (07\/2004)","datePublished":"2016-04-24T21:18:42+00:00","dateModified":"2016-12-25T15:03:14+00:00","mainEntityOfPage":{"@id":"https:\/\/www.aspmf.com\/WP\/la-premiere-sortie-072004\/"},"wordCount":51,"image":{"@id":"https:\/\/www.aspmf.com\/WP\/la-premiere-sortie-072004\/#primaryimage"},"thumbnailUrl":"https:\/\/www.aspmf.com\/WP\/wp-content\/uploads\/fte020704_0021.jpg","keywords":["2004","a l'eau","aspmf","baleiniere","fretoise","juillet","le fret","mise","premiere","sortie"],"articleSection":["La Fr\u00e9toise"],"inLanguage":"fr-FR"},{"@type":"WebPage","@id":"https:\/\/www.aspmf.com\/WP\/la-premiere-sortie-072004\/","url":"https:\/\/www.aspmf.com\/WP\/la-premiere-sortie-072004\/","name":"LA PREMIERE SORTIE (07\/2004) - A.S.P.M.F","isPartOf":{"@id":"https:\/\/www.aspmf.com\/WP\/#website"},"primaryImageOfPage":{"@id":"https:\/\/www.aspmf.com\/WP\/la-premiere-sortie-072004\/#primaryimage"},"image":{"@id":"https:\/\/www.aspmf.com\/WP\/la-premiere-sortie-072004\/#primaryimage"},"thumbnailUrl":"https:\/\/www.aspmf.com\/WP\/wp-content\/uploads\/fte020704_0021.jpg","datePublished":"2016-04-24T21:18:42+00:00","dateModified":"2016-12-25T15:03:14+00:00","author":{"@id":"https:\/\/www.aspmf.com\/WP\/#\/schema\/person\/b8a5c7fdf2e85e8032b1176abb7b9818"},"breadcrumb":{"@id":"https:\/\/www.aspmf.com\/WP\/la-premiere-sortie-072004\/#breadcrumb"},"inLanguage":"fr-FR","potentialAction":[{"@type":"ReadAction","target":["https:\/\/www.aspmf.com\/WP\/la-premiere-sortie-072004\/"]}]},{"@type":"ImageObject","inLanguage":"fr-FR","@id":"https:\/\/www.aspmf.com\/WP\/la-premiere-sortie-072004\/#primaryimage","url":"https:\/\/www.aspmf.com\/WP\/wp-content\/uploads\/fte020704_0021.jpg","contentUrl":"https:\/\/www.aspmf.com\/WP\/wp-content\/uploads\/fte020704_0021.jpg","width":680,"height":454},{"@type":"BreadcrumbList","@id":"https:\/\/www.aspmf.com\/WP\/la-premiere-sortie-072004\/#breadcrumb","itemListElement":[{"@type":"ListItem","position":1,"name":"Accueil","item":"https:\/\/www.aspmf.com\/WP\/"},{"@type":"ListItem","position":2,"name":"LA PREMIERE SORTIE (07\/2004)"}]},{"@type":"WebSite","@id":"https:\/\/www.aspmf.com\/WP\/#website","url":"https:\/\/www.aspmf.com\/WP\/","name":"A.S.P.M.F","description":"Association pour la Sauvegarde du Patrimoine Maritime du Fret","potentialAction":[{"@type":"SearchAction","target":{"@type":"EntryPoint","urlTemplate":"https:\/\/www.aspmf.com\/WP\/?s={search_term_string}"},"query-input":{"@type":"PropertyValueSpecification","valueRequired":true,"valueName":"search_term_string"}}],"inLanguage":"fr-FR"},{"@type":"Person","@id":"https:\/\/www.aspmf.com\/WP\/#\/schema\/person\/b8a5c7fdf2e85e8032b1176abb7b9818","name":"Admin","image":{"@type":"ImageObject","inLanguage":"fr-FR","@id":"https:\/\/secure.gravatar.com\/avatar\/ffe3b515217607bd7b19680b3c24b8fdd3c1fdbcfa6b8d13cf9c6abf1038dbca?s=96&d=mm&r=g","url":"https:\/\/secure.gravatar.com\/avatar\/ffe3b515217607bd7b19680b3c24b8fdd3c1fdbcfa6b8d13cf9c6abf1038dbca?s=96&d=mm&r=g","contentUrl":"https:\/\/secure.gravatar.com\/avatar\/ffe3b515217607bd7b19680b3c24b8fdd3c1fdbcfa6b8d13cf9c6abf1038dbca?s=96&d=mm&r=g","caption":"Admin"},"sameAs":["http:\/\/www.aspmf.com"],"url":"https:\/\/www.aspmf.com\/WP\/author\/aspmf\/"}]}},"_links":{"self":[{"href":"https:\/\/www.aspmf.com\/WP\/wp-json\/wp\/v2\/posts\/166","targetHints":{"allow":["GET"]}}],"collection":[{"href":"https:\/\/www.aspmf.com\/WP\/wp-json\/wp\/v2\/posts"}],"about":[{"href":"https:\/\/www.aspmf.com\/WP\/wp-json\/wp\/v2\/types\/post"}],"author":[{"embeddable":true,"href":"https:\/\/www.aspmf.com\/WP\/wp-json\/wp\/v2\/users\/5"}],"replies":[{"embeddable":true,"href":"https:\/\/www.aspmf.com\/WP\/wp-json\/wp\/v2\/comments?post=166"}],"version-history":[{"count":0,"href":"https:\/\/www.aspmf.com\/WP\/wp-json\/wp\/v2\/posts\/166\/revisions"}],"wp:featuredmedia":[{"embeddable":true,"href":"https:\/\/www.aspmf.com\/WP\/wp-json\/wp\/v2\/media\/175"}],"wp:attachment":[{"href":"https:\/\/www.aspmf.com\/WP\/wp-json\/wp\/v2\/media?parent=166"}],"wp:term":[{"taxonomy":"category","embeddable":true,"href":"https:\/\/www.aspmf.com\/WP\/wp-json\/wp\/v2\/categories?post=166"},{"taxonomy":"post_tag","embeddable":true,"href":"https:\/\/www.aspmf.com\/WP\/wp-json\/wp\/v2\/tags?post=166"}],"curies":[{"name":"wp","href":"https:\/\/api.w.org\/{rel}","templated":true}]}}