{"id":14648,"date":"2026-07-14T17:44:20","date_gmt":"2026-07-14T16:44:20","guid":{"rendered":"https:\/\/www.aspmf.com\/WP\/?p=14648"},"modified":"2026-07-19T21:00:12","modified_gmt":"2026-07-19T20:00:12","slug":"samedi-26-juillet-2026-fete-du-port-le-fret","status":"publish","type":"post","link":"https:\/\/www.aspmf.com\/WP\/samedi-26-juillet-2026-fete-du-port-le-fret\/","title":{"rendered":"Samedi 25 juillet 2026 f\u00eate du port le Fret"},"content":{"rendered":"<p><a href=\"https:\/\/www.aspmf.com\/WP\/samedi-19-juillet-2025-fete-du-port-le-fret\/programme-fete-du-port\/\" rel=\"attachment wp-att-14808\"><img loading=\"lazy\" decoding=\"async\" class=\"aligncenter size-full wp-image-14808\" src=\"https:\/\/www.aspmf.com\/WP\/wp-content\/uploads\/programme-fete-du-port.jpeg\" alt=\"\" width=\"1080\" height=\"1761\" srcset=\"https:\/\/www.aspmf.com\/WP\/wp-content\/uploads\/programme-fete-du-port.jpeg 1080w, https:\/\/www.aspmf.com\/WP\/wp-content\/uploads\/programme-fete-du-port-184x300.jpeg 184w, https:\/\/www.aspmf.com\/WP\/wp-content\/uploads\/programme-fete-du-port-628x1024.jpeg 628w, https:\/\/www.aspmf.com\/WP\/wp-content\/uploads\/programme-fete-du-port-768x1252.jpeg 768w, https:\/\/www.aspmf.com\/WP\/wp-content\/uploads\/programme-fete-du-port-942x1536.jpeg 942w, https:\/\/www.aspmf.com\/WP\/wp-content\/uploads\/programme-fete-du-port-770x1256.jpeg 770w\" sizes=\"auto, (max-width: 1080px) 100vw, 1080px\" \/><\/a><\/p>\n<h2>&#x23f1;&#xfe0f; Programme de la Journ\u00e9e du Samedi 25 Juillet<\/h2>\n<ul>\n<li>\u200b<strong>10h30 :<\/strong> Arriv\u00e9e des vieilles voitures et vieux tracteurs.<\/li>\n<li>\u200b<strong>11h00 :<\/strong> D\u00e9monstration des chiens sauveteurs (dur\u00e9e : 1h).<\/li>\n<li>\u200b<strong>12h00 :<\/strong> Repas du midi (<strong>Menu :<\/strong> Moules \/ Frites \/ Dessert pomm\u00e9 + G\u00e2teaux maison).<\/li>\n<li>\u200b<strong>13h00 :<\/strong> Animation musicale : <em>La rue chante<\/em>.<\/li>\n<li>\u200b<strong>14h00 :<\/strong> Deuxi\u00e8me d\u00e9monstration des chiens sauveteurs.<\/li>\n<li>\u200b<strong>14h30 :<\/strong> Spectacle de danse bretonne.<\/li>\n<li>\u200b<strong>16h00 :<\/strong> B\u00e9n\u00e9diction de la mer.<\/li>\n<li>\u200b<strong>Vers 16h00 :<\/strong> Ouverture des jeux pour enfants.<\/li>\n<li>\u200b<strong>18h00 :<\/strong> Concert : Mathieu (guitariste).<\/li>\n<li>\u200b<strong>19h00 :<\/strong> Concert : <em>Beltany<\/em>.<\/li>\n<li>\u200b<strong>19h00 :<\/strong> Repas du soir (<strong>Menu :<\/strong> Saucisses \/ Merguez \/ Frites).<\/li>\n<li>\u200b<strong>21h00 :<\/strong> Grand spectacle.<\/li>\n<li>\u200b<strong>23h00 :<\/strong> Feu d&rsquo;artifice (dur\u00e9e : 12 minutes).<\/li>\n<li>\u200b<strong>Jusqu&rsquo;\u00e0 01h00 :<\/strong> Bal populaire<\/li>\n<\/ul>\n","protected":false},"excerpt":{"rendered":"<p>&#x23f1;&#xfe0f; Programme de la Journ\u00e9e du Samedi 25 Juillet \u200b10h30 : Arriv\u00e9e des vieilles voitures et vieux tracteurs. \u200b11h00 : D\u00e9monstration des chiens sauveteurs (dur\u00e9e : 1h). \u200b12h00 : Repas du midi (Menu : Moules \/ Frites \/ Dessert pomm\u00e9 + G\u00e2teaux maison). \u200b13h00 : Animation musicale : La rue chante. \u200b14h00 : Deuxi\u00e8me d\u00e9monstration &hellip; <\/p>\n<p><a class=\"more-link btn\" href=\"https:\/\/www.aspmf.com\/WP\/samedi-26-juillet-2026-fete-du-port-le-fret\/\">Lire la suite<\/a><\/p>\n","protected":false},"author":5,"featured_media":14809,"comment_status":"closed","ping_status":"open","sticky":false,"template":"","format":"standard","meta":{"_exactmetrics_skip_tracking":false,"footnotes":""},"categories":[7,6],"tags":[126,166,183,171,16,169,173,174,179,15,153,184,172,136,11,152,85,41,175,176,125,103,137,178,23,177,138,158,170],"class_list":["post-14648","post","type-post","status-publish","format-standard","has-post-thumbnail","hentry","category-agenda","category-les-festivites","tag-126","tag-166","tag-183","tag-anciens","tag-aspmf","tag-beltany","tag-bretonnes","tag-cercle","tag-chante","tag-crozon","tag-dartifice","tag-danse","tag-danstes","tag-du","tag-fete","tag-feu","tag-fret","tag-juillet","tag-korolerien","tag-kraon","tag-la","tag-le","tag-port","tag-qui","tag-repas","tag-rue","tag-samedi","tag-tracteur","tag-voitures","item-wrap"],"yoast_head":"<!-- This site is optimized with the Yoast SEO plugin v28.4 - https:\/\/yoast.com\/product\/yoast-seo-wordpress\/ -->\n<title>Samedi 25 juillet 2026 f\u00eate du port le Fret - A.S.P.M.F<\/title>\n<meta name=\"description\" content=\"D\u00e8s le matin \u00e0 10 h 30, avec l\u2019arriv\u00e9e des vieux tracteurs et voitures anciennes qui s\u2019exposeront sur le port. Le repas du midi moules et de frites a 13h la rue qui chante , chansons fran\u00e7aises, neuf chanteurs, trois accord\u00e9ons diatoniques, une mandoline, une guitare, et un accord\u00e9on chromatique \u00ab pour faire chanter le public \u00bb.A 14h30 danses bertonnes et pr\u00e9sentations de costumes avec le Korollerien Kraon le cercle celtique de Crozon.\u00c0 16 h, le public pourra assister \u00e0 une b\u00e9n\u00e9diction de la mer, avec la vedette de la SNSM.Vers 18h Des jeux divers, notamment pour les plus jeunes, se d\u00e9rouleront sur le port et la plage.A partir de 19h repas saucisses frites en musique avec le groupe Beltany qui est un groupe de musique irlandaise et Folk compos\u00e9 de 4 membres: Doroth\u00e9e (chanteuse), Jack (guitariste), Roger (harmonica, fl\u00fbte, uilleann pipe, cajon) et St\u00e9phane (violon).Le principe est simple: prendre du plaisir en jouant ensemble et essayer de vous le faire partager!Ensuite a 21h un spectacle par sa troupe de l&#039;association suivi d&#039;un feu d\u2019artifice, vers 23 h suivi par un bal populaire\" \/>\n<meta name=\"robots\" content=\"index, follow, max-snippet:-1, max-image-preview:large, max-video-preview:-1\" \/>\n<link rel=\"canonical\" href=\"https:\/\/www.aspmf.com\/WP\/samedi-26-juillet-2026-fete-du-port-le-fret\/\" \/>\n<meta property=\"og:locale\" content=\"fr_FR\" \/>\n<meta property=\"og:type\" content=\"article\" \/>\n<meta property=\"og:title\" content=\"Samedi 25 juillet 2026 f\u00eate du port le Fret - A.S.P.M.F\" \/>\n<meta property=\"og:description\" content=\"D\u00e8s le matin \u00e0 10 h 30, avec l\u2019arriv\u00e9e des vieux tracteurs et voitures anciennes qui s\u2019exposeront sur le port. Le repas du midi moules et de frites a 13h la rue qui chante , chansons fran\u00e7aises, neuf chanteurs, trois accord\u00e9ons diatoniques, une mandoline, une guitare, et un accord\u00e9on chromatique \u00ab pour faire chanter le public \u00bb.A 14h30 danses bertonnes et pr\u00e9sentations de costumes avec le Korollerien Kraon le cercle celtique de Crozon.\u00c0 16 h, le public pourra assister \u00e0 une b\u00e9n\u00e9diction de la mer, avec la vedette de la SNSM.Vers 18h Des jeux divers, notamment pour les plus jeunes, se d\u00e9rouleront sur le port et la plage.A partir de 19h repas saucisses frites en musique avec le groupe Beltany qui est un groupe de musique irlandaise et Folk compos\u00e9 de 4 membres: Doroth\u00e9e (chanteuse), Jack (guitariste), Roger (harmonica, fl\u00fbte, uilleann pipe, cajon) et St\u00e9phane (violon).Le principe est simple: prendre du plaisir en jouant ensemble et essayer de vous le faire partager!Ensuite a 21h un spectacle par sa troupe de l&#039;association suivi d&#039;un feu d\u2019artifice, vers 23 h suivi par un bal populaire\" \/>\n<meta property=\"og:url\" content=\"https:\/\/www.aspmf.com\/WP\/samedi-26-juillet-2026-fete-du-port-le-fret\/\" \/>\n<meta property=\"og:site_name\" content=\"A.S.P.M.F\" \/>\n<meta property=\"article:publisher\" content=\"https:\/\/www.facebook.com\/aspmflefret\/\" \/>\n<meta property=\"article:published_time\" content=\"2026-07-14T16:44:20+00:00\" \/>\n<meta property=\"article:modified_time\" content=\"2026-07-19T20:00:12+00:00\" \/>\n<meta property=\"og:image\" content=\"https:\/\/www.aspmf.com\/WP\/wp-content\/uploads\/affiche-fete-du-port-le-fret-2026.jpg\" \/>\n\t<meta property=\"og:image:width\" content=\"1096\" \/>\n\t<meta property=\"og:image:height\" content=\"1587\" \/>\n\t<meta property=\"og:image:type\" content=\"image\/jpeg\" \/>\n<meta name=\"author\" content=\"Admin\" \/>\n<meta name=\"twitter:card\" content=\"summary_large_image\" \/>\n<meta name=\"twitter:label1\" content=\"\u00c9crit par\" \/>\n\t<meta name=\"twitter:data1\" content=\"Admin\" \/>\n\t<meta name=\"twitter:label2\" content=\"Dur\u00e9e de lecture estim\u00e9e\" \/>\n\t<meta name=\"twitter:data2\" content=\"1 minute\" \/>\n<script type=\"application\/ld+json\" class=\"yoast-schema-graph\">{\"@context\":\"https:\\\/\\\/schema.org\",\"@graph\":[{\"@type\":\"Article\",\"@id\":\"https:\\\/\\\/www.aspmf.com\\\/WP\\\/samedi-26-juillet-2026-fete-du-port-le-fret\\\/#article\",\"isPartOf\":{\"@id\":\"https:\\\/\\\/www.aspmf.com\\\/WP\\\/samedi-26-juillet-2026-fete-du-port-le-fret\\\/\"},\"author\":{\"name\":\"Admin\",\"@id\":\"https:\\\/\\\/www.aspmf.com\\\/WP\\\/#\\\/schema\\\/person\\\/b8a5c7fdf2e85e8032b1176abb7b9818\"},\"headline\":\"Samedi 25 juillet 2026 f\u00eate du port le Fret\",\"datePublished\":\"2026-07-14T16:44:20+00:00\",\"dateModified\":\"2026-07-19T20:00:12+00:00\",\"mainEntityOfPage\":{\"@id\":\"https:\\\/\\\/www.aspmf.com\\\/WP\\\/samedi-26-juillet-2026-fete-du-port-le-fret\\\/\"},\"wordCount\":112,\"image\":{\"@id\":\"https:\\\/\\\/www.aspmf.com\\\/WP\\\/samedi-26-juillet-2026-fete-du-port-le-fret\\\/#primaryimage\"},\"thumbnailUrl\":\"https:\\\/\\\/www.aspmf.com\\\/WP\\\/wp-content\\\/uploads\\\/affiche-fete-du-port-le-fret-2026.jpg\",\"keywords\":[\"20\",\"2024\",\"2025\",\"anciens\",\"aspmf\",\"beltany\",\"bretonnes\",\"cercle\",\"chante\",\"crozon\",\"d'artifice\",\"Danse\",\"danstes\",\"du\",\"f\u00eate\",\"feu\",\"fret\",\"juillet\",\"korolerien\",\"kraon\",\"la\",\"le\",\"port\",\"qui\",\"repas\",\"rue\",\"samedi\",\"tracteur\",\"voitures\"],\"articleSection\":[\"Agenda\",\"Les festivit\u00e9s\"],\"inLanguage\":\"fr-FR\"},{\"@type\":\"WebPage\",\"@id\":\"https:\\\/\\\/www.aspmf.com\\\/WP\\\/samedi-26-juillet-2026-fete-du-port-le-fret\\\/\",\"url\":\"https:\\\/\\\/www.aspmf.com\\\/WP\\\/samedi-26-juillet-2026-fete-du-port-le-fret\\\/\",\"name\":\"Samedi 25 juillet 2026 f\u00eate du port le Fret - A.S.P.M.F\",\"isPartOf\":{\"@id\":\"https:\\\/\\\/www.aspmf.com\\\/WP\\\/#website\"},\"primaryImageOfPage\":{\"@id\":\"https:\\\/\\\/www.aspmf.com\\\/WP\\\/samedi-26-juillet-2026-fete-du-port-le-fret\\\/#primaryimage\"},\"image\":{\"@id\":\"https:\\\/\\\/www.aspmf.com\\\/WP\\\/samedi-26-juillet-2026-fete-du-port-le-fret\\\/#primaryimage\"},\"thumbnailUrl\":\"https:\\\/\\\/www.aspmf.com\\\/WP\\\/wp-content\\\/uploads\\\/affiche-fete-du-port-le-fret-2026.jpg\",\"datePublished\":\"2026-07-14T16:44:20+00:00\",\"dateModified\":\"2026-07-19T20:00:12+00:00\",\"author\":{\"@id\":\"https:\\\/\\\/www.aspmf.com\\\/WP\\\/#\\\/schema\\\/person\\\/b8a5c7fdf2e85e8032b1176abb7b9818\"},\"description\":\"D\u00e8s le matin \u00e0 10 h 30, avec l\u2019arriv\u00e9e des vieux tracteurs et voitures anciennes qui s\u2019exposeront sur le port. Le repas du midi moules et de frites a 13h la rue qui chante , chansons fran\u00e7aises, neuf chanteurs, trois accord\u00e9ons diatoniques, une mandoline, une guitare, et un accord\u00e9on chromatique \u00ab pour faire chanter le public \u00bb.A 14h30 danses bertonnes et pr\u00e9sentations de costumes avec le Korollerien Kraon le cercle celtique de Crozon.\u00c0 16 h, le public pourra assister \u00e0 une b\u00e9n\u00e9diction de la mer, avec la vedette de la SNSM.Vers 18h Des jeux divers, notamment pour les plus jeunes, se d\u00e9rouleront sur le port et la plage.A partir de 19h repas saucisses frites en musique avec le groupe Beltany qui est un groupe de musique irlandaise et Folk compos\u00e9 de 4 membres: Doroth\u00e9e (chanteuse), Jack (guitariste), Roger (harmonica, fl\u00fbte, uilleann pipe, cajon) et St\u00e9phane (violon).Le principe est simple: prendre du plaisir en jouant ensemble et essayer de vous le faire partager!Ensuite a 21h un spectacle par sa troupe de l'association suivi d'un feu d\u2019artifice, vers 23 h suivi par un bal populaire\",\"breadcrumb\":{\"@id\":\"https:\\\/\\\/www.aspmf.com\\\/WP\\\/samedi-26-juillet-2026-fete-du-port-le-fret\\\/#breadcrumb\"},\"inLanguage\":\"fr-FR\",\"potentialAction\":[{\"@type\":\"ReadAction\",\"target\":[\"https:\\\/\\\/www.aspmf.com\\\/WP\\\/samedi-26-juillet-2026-fete-du-port-le-fret\\\/\"]}]},{\"@type\":\"ImageObject\",\"inLanguage\":\"fr-FR\",\"@id\":\"https:\\\/\\\/www.aspmf.com\\\/WP\\\/samedi-26-juillet-2026-fete-du-port-le-fret\\\/#primaryimage\",\"url\":\"https:\\\/\\\/www.aspmf.com\\\/WP\\\/wp-content\\\/uploads\\\/affiche-fete-du-port-le-fret-2026.jpg\",\"contentUrl\":\"https:\\\/\\\/www.aspmf.com\\\/WP\\\/wp-content\\\/uploads\\\/affiche-fete-du-port-le-fret-2026.jpg\",\"width\":1096,\"height\":1587},{\"@type\":\"BreadcrumbList\",\"@id\":\"https:\\\/\\\/www.aspmf.com\\\/WP\\\/samedi-26-juillet-2026-fete-du-port-le-fret\\\/#breadcrumb\",\"itemListElement\":[{\"@type\":\"ListItem\",\"position\":1,\"name\":\"Accueil\",\"item\":\"https:\\\/\\\/www.aspmf.com\\\/WP\\\/\"},{\"@type\":\"ListItem\",\"position\":2,\"name\":\"Samedi 25 juillet 2026 f\u00eate du port le Fret\"}]},{\"@type\":\"WebSite\",\"@id\":\"https:\\\/\\\/www.aspmf.com\\\/WP\\\/#website\",\"url\":\"https:\\\/\\\/www.aspmf.com\\\/WP\\\/\",\"name\":\"A.S.P.M.F\",\"description\":\"Association pour la Sauvegarde du Patrimoine Maritime du Fret\",\"potentialAction\":[{\"@type\":\"SearchAction\",\"target\":{\"@type\":\"EntryPoint\",\"urlTemplate\":\"https:\\\/\\\/www.aspmf.com\\\/WP\\\/?s={search_term_string}\"},\"query-input\":{\"@type\":\"PropertyValueSpecification\",\"valueRequired\":true,\"valueName\":\"search_term_string\"}}],\"inLanguage\":\"fr-FR\"},{\"@type\":\"Person\",\"@id\":\"https:\\\/\\\/www.aspmf.com\\\/WP\\\/#\\\/schema\\\/person\\\/b8a5c7fdf2e85e8032b1176abb7b9818\",\"name\":\"Admin\",\"image\":{\"@type\":\"ImageObject\",\"inLanguage\":\"fr-FR\",\"@id\":\"https:\\\/\\\/secure.gravatar.com\\\/avatar\\\/ffe3b515217607bd7b19680b3c24b8fdd3c1fdbcfa6b8d13cf9c6abf1038dbca?s=96&d=mm&r=g\",\"url\":\"https:\\\/\\\/secure.gravatar.com\\\/avatar\\\/ffe3b515217607bd7b19680b3c24b8fdd3c1fdbcfa6b8d13cf9c6abf1038dbca?s=96&d=mm&r=g\",\"contentUrl\":\"https:\\\/\\\/secure.gravatar.com\\\/avatar\\\/ffe3b515217607bd7b19680b3c24b8fdd3c1fdbcfa6b8d13cf9c6abf1038dbca?s=96&d=mm&r=g\",\"caption\":\"Admin\"},\"sameAs\":[\"http:\\\/\\\/www.aspmf.com\"],\"url\":\"https:\\\/\\\/www.aspmf.com\\\/WP\\\/author\\\/aspmf\\\/\"}]}<\/script>\n<!-- \/ Yoast SEO plugin. -->","yoast_head_json":{"title":"Samedi 25 juillet 2026 f\u00eate du port le Fret - A.S.P.M.F","description":"D\u00e8s le matin \u00e0 10 h 30, avec l\u2019arriv\u00e9e des vieux tracteurs et voitures anciennes qui s\u2019exposeront sur le port. Le repas du midi moules et de frites a 13h la rue qui chante , chansons fran\u00e7aises, neuf chanteurs, trois accord\u00e9ons diatoniques, une mandoline, une guitare, et un accord\u00e9on chromatique \u00ab pour faire chanter le public \u00bb.A 14h30 danses bertonnes et pr\u00e9sentations de costumes avec le Korollerien Kraon le cercle celtique de Crozon.\u00c0 16 h, le public pourra assister \u00e0 une b\u00e9n\u00e9diction de la mer, avec la vedette de la SNSM.Vers 18h Des jeux divers, notamment pour les plus jeunes, se d\u00e9rouleront sur le port et la plage.A partir de 19h repas saucisses frites en musique avec le groupe Beltany qui est un groupe de musique irlandaise et Folk compos\u00e9 de 4 membres: Doroth\u00e9e (chanteuse), Jack (guitariste), Roger (harmonica, fl\u00fbte, uilleann pipe, cajon) et St\u00e9phane (violon).Le principe est simple: prendre du plaisir en jouant ensemble et essayer de vous le faire partager!Ensuite a 21h un spectacle par sa troupe de l'association suivi d'un feu d\u2019artifice, vers 23 h suivi par un bal populaire","robots":{"index":"index","follow":"follow","max-snippet":"max-snippet:-1","max-image-preview":"max-image-preview:large","max-video-preview":"max-video-preview:-1"},"canonical":"https:\/\/www.aspmf.com\/WP\/samedi-26-juillet-2026-fete-du-port-le-fret\/","og_locale":"fr_FR","og_type":"article","og_title":"Samedi 25 juillet 2026 f\u00eate du port le Fret - A.S.P.M.F","og_description":"D\u00e8s le matin \u00e0 10 h 30, avec l\u2019arriv\u00e9e des vieux tracteurs et voitures anciennes qui s\u2019exposeront sur le port. Le repas du midi moules et de frites a 13h la rue qui chante , chansons fran\u00e7aises, neuf chanteurs, trois accord\u00e9ons diatoniques, une mandoline, une guitare, et un accord\u00e9on chromatique \u00ab pour faire chanter le public \u00bb.A 14h30 danses bertonnes et pr\u00e9sentations de costumes avec le Korollerien Kraon le cercle celtique de Crozon.\u00c0 16 h, le public pourra assister \u00e0 une b\u00e9n\u00e9diction de la mer, avec la vedette de la SNSM.Vers 18h Des jeux divers, notamment pour les plus jeunes, se d\u00e9rouleront sur le port et la plage.A partir de 19h repas saucisses frites en musique avec le groupe Beltany qui est un groupe de musique irlandaise et Folk compos\u00e9 de 4 membres: Doroth\u00e9e (chanteuse), Jack (guitariste), Roger (harmonica, fl\u00fbte, uilleann pipe, cajon) et St\u00e9phane (violon).Le principe est simple: prendre du plaisir en jouant ensemble et essayer de vous le faire partager!Ensuite a 21h un spectacle par sa troupe de l'association suivi d'un feu d\u2019artifice, vers 23 h suivi par un bal populaire","og_url":"https:\/\/www.aspmf.com\/WP\/samedi-26-juillet-2026-fete-du-port-le-fret\/","og_site_name":"A.S.P.M.F","article_publisher":"https:\/\/www.facebook.com\/aspmflefret\/","article_published_time":"2026-07-14T16:44:20+00:00","article_modified_time":"2026-07-19T20:00:12+00:00","og_image":[{"width":1096,"height":1587,"url":"https:\/\/www.aspmf.com\/WP\/wp-content\/uploads\/affiche-fete-du-port-le-fret-2026.jpg","type":"image\/jpeg"}],"author":"Admin","twitter_card":"summary_large_image","twitter_misc":{"\u00c9crit par":"Admin","Dur\u00e9e de lecture estim\u00e9e":"1 minute"},"schema":{"@context":"https:\/\/schema.org","@graph":[{"@type":"Article","@id":"https:\/\/www.aspmf.com\/WP\/samedi-26-juillet-2026-fete-du-port-le-fret\/#article","isPartOf":{"@id":"https:\/\/www.aspmf.com\/WP\/samedi-26-juillet-2026-fete-du-port-le-fret\/"},"author":{"name":"Admin","@id":"https:\/\/www.aspmf.com\/WP\/#\/schema\/person\/b8a5c7fdf2e85e8032b1176abb7b9818"},"headline":"Samedi 25 juillet 2026 f\u00eate du port le Fret","datePublished":"2026-07-14T16:44:20+00:00","dateModified":"2026-07-19T20:00:12+00:00","mainEntityOfPage":{"@id":"https:\/\/www.aspmf.com\/WP\/samedi-26-juillet-2026-fete-du-port-le-fret\/"},"wordCount":112,"image":{"@id":"https:\/\/www.aspmf.com\/WP\/samedi-26-juillet-2026-fete-du-port-le-fret\/#primaryimage"},"thumbnailUrl":"https:\/\/www.aspmf.com\/WP\/wp-content\/uploads\/affiche-fete-du-port-le-fret-2026.jpg","keywords":["20","2024","2025","anciens","aspmf","beltany","bretonnes","cercle","chante","crozon","d'artifice","Danse","danstes","du","f\u00eate","feu","fret","juillet","korolerien","kraon","la","le","port","qui","repas","rue","samedi","tracteur","voitures"],"articleSection":["Agenda","Les festivit\u00e9s"],"inLanguage":"fr-FR"},{"@type":"WebPage","@id":"https:\/\/www.aspmf.com\/WP\/samedi-26-juillet-2026-fete-du-port-le-fret\/","url":"https:\/\/www.aspmf.com\/WP\/samedi-26-juillet-2026-fete-du-port-le-fret\/","name":"Samedi 25 juillet 2026 f\u00eate du port le Fret - A.S.P.M.F","isPartOf":{"@id":"https:\/\/www.aspmf.com\/WP\/#website"},"primaryImageOfPage":{"@id":"https:\/\/www.aspmf.com\/WP\/samedi-26-juillet-2026-fete-du-port-le-fret\/#primaryimage"},"image":{"@id":"https:\/\/www.aspmf.com\/WP\/samedi-26-juillet-2026-fete-du-port-le-fret\/#primaryimage"},"thumbnailUrl":"https:\/\/www.aspmf.com\/WP\/wp-content\/uploads\/affiche-fete-du-port-le-fret-2026.jpg","datePublished":"2026-07-14T16:44:20+00:00","dateModified":"2026-07-19T20:00:12+00:00","author":{"@id":"https:\/\/www.aspmf.com\/WP\/#\/schema\/person\/b8a5c7fdf2e85e8032b1176abb7b9818"},"description":"D\u00e8s le matin \u00e0 10 h 30, avec l\u2019arriv\u00e9e des vieux tracteurs et voitures anciennes qui s\u2019exposeront sur le port. Le repas du midi moules et de frites a 13h la rue qui chante , chansons fran\u00e7aises, neuf chanteurs, trois accord\u00e9ons diatoniques, une mandoline, une guitare, et un accord\u00e9on chromatique \u00ab pour faire chanter le public \u00bb.A 14h30 danses bertonnes et pr\u00e9sentations de costumes avec le Korollerien Kraon le cercle celtique de Crozon.\u00c0 16 h, le public pourra assister \u00e0 une b\u00e9n\u00e9diction de la mer, avec la vedette de la SNSM.Vers 18h Des jeux divers, notamment pour les plus jeunes, se d\u00e9rouleront sur le port et la plage.A partir de 19h repas saucisses frites en musique avec le groupe Beltany qui est un groupe de musique irlandaise et Folk compos\u00e9 de 4 membres: Doroth\u00e9e (chanteuse), Jack (guitariste), Roger (harmonica, fl\u00fbte, uilleann pipe, cajon) et St\u00e9phane (violon).Le principe est simple: prendre du plaisir en jouant ensemble et essayer de vous le faire partager!Ensuite a 21h un spectacle par sa troupe de l'association suivi d'un feu d\u2019artifice, vers 23 h suivi par un bal populaire","breadcrumb":{"@id":"https:\/\/www.aspmf.com\/WP\/samedi-26-juillet-2026-fete-du-port-le-fret\/#breadcrumb"},"inLanguage":"fr-FR","potentialAction":[{"@type":"ReadAction","target":["https:\/\/www.aspmf.com\/WP\/samedi-26-juillet-2026-fete-du-port-le-fret\/"]}]},{"@type":"ImageObject","inLanguage":"fr-FR","@id":"https:\/\/www.aspmf.com\/WP\/samedi-26-juillet-2026-fete-du-port-le-fret\/#primaryimage","url":"https:\/\/www.aspmf.com\/WP\/wp-content\/uploads\/affiche-fete-du-port-le-fret-2026.jpg","contentUrl":"https:\/\/www.aspmf.com\/WP\/wp-content\/uploads\/affiche-fete-du-port-le-fret-2026.jpg","width":1096,"height":1587},{"@type":"BreadcrumbList","@id":"https:\/\/www.aspmf.com\/WP\/samedi-26-juillet-2026-fete-du-port-le-fret\/#breadcrumb","itemListElement":[{"@type":"ListItem","position":1,"name":"Accueil","item":"https:\/\/www.aspmf.com\/WP\/"},{"@type":"ListItem","position":2,"name":"Samedi 25 juillet 2026 f\u00eate du port le Fret"}]},{"@type":"WebSite","@id":"https:\/\/www.aspmf.com\/WP\/#website","url":"https:\/\/www.aspmf.com\/WP\/","name":"A.S.P.M.F","description":"Association pour la Sauvegarde du Patrimoine Maritime du Fret","potentialAction":[{"@type":"SearchAction","target":{"@type":"EntryPoint","urlTemplate":"https:\/\/www.aspmf.com\/WP\/?s={search_term_string}"},"query-input":{"@type":"PropertyValueSpecification","valueRequired":true,"valueName":"search_term_string"}}],"inLanguage":"fr-FR"},{"@type":"Person","@id":"https:\/\/www.aspmf.com\/WP\/#\/schema\/person\/b8a5c7fdf2e85e8032b1176abb7b9818","name":"Admin","image":{"@type":"ImageObject","inLanguage":"fr-FR","@id":"https:\/\/secure.gravatar.com\/avatar\/ffe3b515217607bd7b19680b3c24b8fdd3c1fdbcfa6b8d13cf9c6abf1038dbca?s=96&d=mm&r=g","url":"https:\/\/secure.gravatar.com\/avatar\/ffe3b515217607bd7b19680b3c24b8fdd3c1fdbcfa6b8d13cf9c6abf1038dbca?s=96&d=mm&r=g","contentUrl":"https:\/\/secure.gravatar.com\/avatar\/ffe3b515217607bd7b19680b3c24b8fdd3c1fdbcfa6b8d13cf9c6abf1038dbca?s=96&d=mm&r=g","caption":"Admin"},"sameAs":["http:\/\/www.aspmf.com"],"url":"https:\/\/www.aspmf.com\/WP\/author\/aspmf\/"}]}},"_links":{"self":[{"href":"https:\/\/www.aspmf.com\/WP\/wp-json\/wp\/v2\/posts\/14648","targetHints":{"allow":["GET"]}}],"collection":[{"href":"https:\/\/www.aspmf.com\/WP\/wp-json\/wp\/v2\/posts"}],"about":[{"href":"https:\/\/www.aspmf.com\/WP\/wp-json\/wp\/v2\/types\/post"}],"author":[{"embeddable":true,"href":"https:\/\/www.aspmf.com\/WP\/wp-json\/wp\/v2\/users\/5"}],"replies":[{"embeddable":true,"href":"https:\/\/www.aspmf.com\/WP\/wp-json\/wp\/v2\/comments?post=14648"}],"version-history":[{"count":10,"href":"https:\/\/www.aspmf.com\/WP\/wp-json\/wp\/v2\/posts\/14648\/revisions"}],"predecessor-version":[{"id":14810,"href":"https:\/\/www.aspmf.com\/WP\/wp-json\/wp\/v2\/posts\/14648\/revisions\/14810"}],"wp:featuredmedia":[{"embeddable":true,"href":"https:\/\/www.aspmf.com\/WP\/wp-json\/wp\/v2\/media\/14809"}],"wp:attachment":[{"href":"https:\/\/www.aspmf.com\/WP\/wp-json\/wp\/v2\/media?parent=14648"}],"wp:term":[{"taxonomy":"category","embeddable":true,"href":"https:\/\/www.aspmf.com\/WP\/wp-json\/wp\/v2\/categories?post=14648"},{"taxonomy":"post_tag","embeddable":true,"href":"https:\/\/www.aspmf.com\/WP\/wp-json\/wp\/v2\/tags?post=14648"}],"curies":[{"name":"wp","href":"https:\/\/api.w.org\/{rel}","templated":true}]}}